{"id":5057,"date":"2014-09-19T14:49:38","date_gmt":"2014-09-19T13:49:38","guid":{"rendered":"http:\/\/www.kuerbisolli.de\/?p=5057"},"modified":"2014-10-06T21:20:37","modified_gmt":"2014-10-06T20:20:37","slug":"saison-2014","status":"publish","type":"post","link":"http:\/\/www.kuerbisolli.de\/?p=5057","title":{"rendered":"Saison 2014"},"content":{"rendered":"<p><span style=\"color: #000000;\">Hall\u00f6chen Z\u00fcchter der gro\u00dfen und kleinen Beeren,<\/span><\/p>\n<p><span style=\"color: #000000;\">diese Saison ist die schlimmste, die ich bisher erlebt habe. Ich sage nur: Schnecken, Rehe&#8230;&#8230;.<\/span><\/p>\n<p><span style=\"color: #000000;\">\u00a0<\/span><\/p>\n<p style=\"text-align: center;\"><a href=\"http:\/\/www.kuerbisolli.de\/wp-content\/uploads\/2014\/06\/LG_ohne_Worte.jpg\"><span style=\"color: #000000;\"><img loading=\"lazy\" decoding=\"async\" class=\"aligncenter size-medium wp-image-5012\" src=\"http:\/\/www.kuerbisolli.de\/wp-content\/uploads\/2014\/06\/LG_ohne_Worte-168x300.jpg\" alt=\"LG_ohne_Worte\" width=\"168\" height=\"300\" srcset=\"http:\/\/www.kuerbisolli.de\/wp-content\/uploads\/2014\/06\/LG_ohne_Worte-168x300.jpg 168w, http:\/\/www.kuerbisolli.de\/wp-content\/uploads\/2014\/06\/LG_ohne_Worte.jpg 576w\" sizes=\"(max-width: 168px) 100vw, 168px\" \/><\/span><\/a><\/p>\n<p><span style=\"color: #000000;\">\u00a0<\/span><\/p>\n<p style=\"text-align: center;\"><a href=\"http:\/\/www.kuerbisolli.de\/wp-content\/uploads\/2014\/09\/Meier_Spitze-Abgewasauchimmer.jpg\"><span style=\"color: #000000;\"><img loading=\"lazy\" decoding=\"async\" class=\"aligncenter size-medium wp-image-5061\" src=\"http:\/\/www.kuerbisolli.de\/wp-content\/uploads\/2014\/09\/Meier_Spitze-Abgewasauchimmer-300x168.jpg\" alt=\"Meier_Spitze Abgewasauchimmer\" width=\"300\" height=\"168\" srcset=\"http:\/\/www.kuerbisolli.de\/wp-content\/uploads\/2014\/09\/Meier_Spitze-Abgewasauchimmer-300x168.jpg 300w, http:\/\/www.kuerbisolli.de\/wp-content\/uploads\/2014\/09\/Meier_Spitze-Abgewasauchimmer.jpg 1024w\" sizes=\"(max-width: 300px) 100vw, 300px\" \/><\/span><\/a><\/p>\n<p><span style=\"color: #000000;\">Der einzige K\u00fcrbis, der was geworden ist, befand sich im Gew\u00e4chshaus. Da lief alles gut, bis ich leider feststellen musste, dass ich es in diesem Jahr nicht geschafft habe, 3 Bl\u00fcten zu best\u00e4uben, die alle in der richtigen Position gewesen w\u00e4ren (zwischen 4 und 6,5m an der Hauptranke). Alles was mir geblieben ist, ist ein K\u00fcrbis, der 70cm von der Pflanzstelle (ohne mein dazutun) gewachsen ist.<\/span><\/p>\n<p><span style=\"color: #000000;\">Mit diesem K\u00fcrbis war ich am letzten Wochenende in N\u00fc\u00dfleshof, T\u00fchringen, wo ich die GPC-Wiegemeisterschaft moderieren durfte. <\/span><\/p>\n<p style=\"text-align: center;\"><a href=\"http:\/\/www.kuerbisolli.de\/wp-content\/uploads\/2014\/09\/IMG-20140913-WA0005.jpg\"><img loading=\"lazy\" decoding=\"async\" class=\"aligncenter size-medium wp-image-5066\" src=\"http:\/\/www.kuerbisolli.de\/wp-content\/uploads\/2014\/09\/IMG-20140913-WA0005-300x168.jpg\" alt=\"IMG-20140913-WA0005\" width=\"300\" height=\"168\" srcset=\"http:\/\/www.kuerbisolli.de\/wp-content\/uploads\/2014\/09\/IMG-20140913-WA0005-300x168.jpg 300w, http:\/\/www.kuerbisolli.de\/wp-content\/uploads\/2014\/09\/IMG-20140913-WA0005.jpg 1024w\" sizes=\"(max-width: 300px) 100vw, 300px\" \/><\/a><\/p>\n<p style=\"text-align: center;\"><a href=\"http:\/\/www.kuerbisolli.de\/wp-content\/uploads\/2014\/09\/DSC_0148.jpg\"><img loading=\"lazy\" decoding=\"async\" class=\"aligncenter size-medium wp-image-5067\" src=\"http:\/\/www.kuerbisolli.de\/wp-content\/uploads\/2014\/09\/DSC_0148-300x198.jpg\" alt=\"DSC_0148\" width=\"300\" height=\"198\" srcset=\"http:\/\/www.kuerbisolli.de\/wp-content\/uploads\/2014\/09\/DSC_0148-300x198.jpg 300w, http:\/\/www.kuerbisolli.de\/wp-content\/uploads\/2014\/09\/DSC_0148.jpg 800w\" sizes=\"(max-width: 300px) 100vw, 300px\" \/><\/a><\/p>\n<p>&nbsp;<\/p>\n<p><span style=\"color: #000000;\">Dort belegte ich den 9. Platz von 10 Teilnehmern mit 151,6kg.<\/span><\/p>\n<p style=\"text-align: center;\"><a href=\"http:\/\/www.kuerbisolli.de\/wp-content\/uploads\/2014\/09\/1516kg_2014.jpg\"><span style=\"color: #000000;\"><img loading=\"lazy\" decoding=\"async\" class=\"aligncenter size-medium wp-image-5060\" src=\"http:\/\/www.kuerbisolli.de\/wp-content\/uploads\/2014\/09\/1516kg_2014-300x168.jpg\" alt=\"151,6kg_2014\" width=\"300\" height=\"168\" srcset=\"http:\/\/www.kuerbisolli.de\/wp-content\/uploads\/2014\/09\/1516kg_2014-300x168.jpg 300w, http:\/\/www.kuerbisolli.de\/wp-content\/uploads\/2014\/09\/1516kg_2014-1024x576.jpg 1024w, http:\/\/www.kuerbisolli.de\/wp-content\/uploads\/2014\/09\/1516kg_2014.jpg 1280w\" sizes=\"(max-width: 300px) 100vw, 300px\" \/><\/span><\/a><\/p>\n<p><span style=\"color: #000000;\">Ich bin mehr als zufrieden und bin nun eifrig dabei, die Beete f\u00fcr 2015 vorzubereiten. Dazu habe ich als Gr\u00fcnd\u00fcngungspflanze auf Patch I Raps ausges\u00e4ht.<\/span><\/p>\n<p><span style=\"color: #000000;\">Auf Patch II soll nun Roggen als Nachsaat keimen. Dar\u00fcber hinaus werde ich in den kommenden Tagen von Patch I, II und III Bodenproben einsenden, um ein besseres Gef\u00fchl zu bekommen, was der Boden braucht oder nicht.<\/span><\/p>\n<p><span style=\"color: #000000;\">So nach dem ganzen Frustjahr bin ich nun bereit, wieder in die Vollen zu gehen und werde das hier auch sch\u00f6n (wie Ihr es auch immer gewohnt seid) dokumentieren. Wer auch mal einen Riesen versuchen m\u00f6chte, kann in meinem Shop ein wenig nach<span style=\"color: #0000ff;\"> <a title=\"K\u00fcrbisollis-Shop.de\" href=\"http:\/\/www.kuerbisollisshop.de\/index.php?main_page=index&amp;cPath=1&amp;zenid=fa42r439u4gq03c4ic6hv5nov3\" target=\"_blank\"><span style=\"color: #0000ff;\">Kernen<\/span><\/a><\/span> st\u00f6bern.\u00a0 <\/span><\/p>\n<p><span style=\"color: #000000;\">Euch allen, die es noch vor sich haben eine gute Ernte und m\u00f6gen Eure K\u00fcrbisse alle heavy gehen.<\/span><\/p>\n<p><span style=\"color: #000000;\">Euer <span style=\"color: #ff6600;\"><strong>K\u00fcrbisolli<\/strong><\/span><\/span><\/p>\n","protected":false},"excerpt":{"rendered":"<p>Hall\u00f6chen Z\u00fcchter der gro\u00dfen und kleinen Beeren, diese Saison ist die schlimmste, die ich bisher erlebt habe. Ich sage nur: Schnecken, Rehe&#8230;&#8230;. \u00a0 \u00a0 Der einzige K\u00fcrbis, der was geworden ist, befand sich im Gew\u00e4chshaus. Da lief alles gut, bis ich leider feststellen musste, dass ich es in diesem Jahr nicht geschafft habe, 3 Bl\u00fcten &hellip; <a href=\"http:\/\/www.kuerbisolli.de\/?p=5057\" class=\"more-link\"><span class=\"screen-reader-text\">Saison 2014<\/span> weiterlesen <span class=\"meta-nav\">&rarr;<\/span><\/a><\/p>\n","protected":false},"author":2,"featured_media":0,"comment_status":"open","ping_status":"open","sticky":false,"template":"","format":"standard","meta":{"ngg_post_thumbnail":0,"jetpack_post_was_ever_published":false,"_jetpack_newsletter_access":"","_jetpack_dont_email_post_to_subs":false,"_jetpack_newsletter_tier_id":0,"footnotes":"","jetpack_publicize_message":"","jetpack_publicize_feature_enabled":true,"jetpack_social_post_already_shared":true,"jetpack_social_options":{"image_generator_settings":{"template":"highway","enabled":false}}},"categories":[1],"tags":[],"jetpack_publicize_connections":[],"jetpack_featured_media_url":"","jetpack_shortlink":"https:\/\/wp.me\/pwi78-1jz","jetpack_sharing_enabled":true,"_links":{"self":[{"href":"http:\/\/www.kuerbisolli.de\/index.php?rest_route=\/wp\/v2\/posts\/5057"}],"collection":[{"href":"http:\/\/www.kuerbisolli.de\/index.php?rest_route=\/wp\/v2\/posts"}],"about":[{"href":"http:\/\/www.kuerbisolli.de\/index.php?rest_route=\/wp\/v2\/types\/post"}],"author":[{"embeddable":true,"href":"http:\/\/www.kuerbisolli.de\/index.php?rest_route=\/wp\/v2\/users\/2"}],"replies":[{"embeddable":true,"href":"http:\/\/www.kuerbisolli.de\/index.php?rest_route=%2Fwp%2Fv2%2Fcomments&post=5057"}],"version-history":[{"count":10,"href":"http:\/\/www.kuerbisolli.de\/index.php?rest_route=\/wp\/v2\/posts\/5057\/revisions"}],"predecessor-version":[{"id":5147,"href":"http:\/\/www.kuerbisolli.de\/index.php?rest_route=\/wp\/v2\/posts\/5057\/revisions\/5147"}],"wp:attachment":[{"href":"http:\/\/www.kuerbisolli.de\/index.php?rest_route=%2Fwp%2Fv2%2Fmedia&parent=5057"}],"wp:term":[{"taxonomy":"category","embeddable":true,"href":"http:\/\/www.kuerbisolli.de\/index.php?rest_route=%2Fwp%2Fv2%2Fcategories&post=5057"},{"taxonomy":"post_tag","embeddable":true,"href":"http:\/\/www.kuerbisolli.de\/index.php?rest_route=%2Fwp%2Fv2%2Ftags&post=5057"}],"curies":[{"name":"wp","href":"https:\/\/api.w.org\/{rel}","templated":true}]}}